{"id":1564,"date":"2021-04-07T14:33:16","date_gmt":"2021-04-07T14:33:16","guid":{"rendered":"https:\/\/www.yana.ro\/?p=1564"},"modified":"2023-07-28T05:53:45","modified_gmt":"2023-07-28T05:53:45","slug":"povestea-domnului-jitaru","status":"publish","type":"post","link":"https:\/\/www.yana.li\/de\/povestea-domnului-jitaru\/","title":{"rendered":"Povestea domnului Jitaru"},"content":{"rendered":"<div class=\"fusion-fullwidth fullwidth-box fusion-builder-row-1 fusion-flex-container nonhundred-percent-fullwidth non-hundred-percent-height-scrolling\" style=\"background-color: rgba(255,255,255,0);background-position: center center;background-repeat: no-repeat;border-width: 0px 0px 0px 0px;border-color:#eae9e9;border-style:solid;\" ><div class=\"fusion-builder-row fusion-row fusion-flex-align-items-flex-start\" style=\"max-width:1216.8px;margin-left: calc(-4% \/ 2 );margin-right: calc(-4% \/ 2 );\"><div class=\"fusion-layout-column fusion_builder_column fusion-builder-column-0 fusion_builder_column_1_1 1_1 fusion-flex-column\"><div class=\"fusion-column-wrapper fusion-flex-justify-content-flex-start fusion-content-layout-column\" style=\"background-position:left top;background-repeat:no-repeat;-webkit-background-size:cover;-moz-background-size:cover;-o-background-size:cover;background-size:cover;padding: 0px 0px 0px 0px;\"><div class=\"fusion-text fusion-text-1\"><p>Das vergangene Jahr hat uns alle in die Lage versetzt, unser Handeln zu \u00fcberdenken, vorsichtig zu sein und jeden Kontext, in dem wir uns exponieren, sorgf\u00e4ltig auszuw\u00e4hlen. F\u00fcr Herrn Gheorghe Jitaru war es jedoch das Jahr, in dem er sich entschied, mehr zu geben, indem er seine Zeit, seine materiellen Ressourcen und seine F\u00e4higkeiten gro\u00dfz\u00fcgig zur Unterst\u00fctzung der YANA-Stiftung zur Verf\u00fcgung stellte.<\/p>\n<p>Wir fragen unsere \u00e4lteren Freiwilligen oft nach ihrem Gesundheitszustand und wie sie mit der Pandemie zurechtkommen, und Herr Jitaru und seine Frau, die ebenfalls Freiwillige im YANA-Haus ist, antworten immer:<\/p>\n<p>Ihre Situation ist eher bescheiden, aber ihr gro\u00dfes Herz bringt sie dazu, viel von dem Wenigen, das sie haben, zu geben.<\/p>\n<p>Die 65-J\u00e4hrige wechselte ihren Wohnsitz, als sie in den Ruhestand ging und kehrte ins Dorf zur\u00fcck, nachdem sie einige Jahre mit ihrer Familie in der Stadt verbracht hatte. Herr Gheorghe Jitaru, ein praktisch veranlagter Mann mit einer Tasche voller Geduld und einer bewundernswerten Bescheidenheit, hat sich entschieden, seine handwerklichen F\u00e4higkeiten zu nutzen und mit den Kindern zu teilen, indem er als \u00e4lterer Freiwilliger die Ma\u00dfwerkstatt koordiniert, eine der vier generations\u00fcbergreifenden Werkst\u00e4tten unseres Zentrums.<\/p>\n<\/div><div style=\"text-align:center;\"><style>.fusion-imageframe.imageframe-1{ margin-top : 4px;margin-bottom : 4px;}<\/style><span class=\"fusion-imageframe imageframe-none imageframe-1 hover-type-zoomin\" style=\"max-width:1000px;\"><img decoding=\"async\" width=\"241\" height=\"300\" alt=\"Povestea domnului Jitaru\" title=\"Povestea domnului Jitaru\" src=\"https:\/\/www.yana.li\/wp-content\/uploads\/2021\/04\/Atelier-Creatie-2021-Traforaj-241x300.jpg\" class=\"img-responsive wp-image-1561\" srcset=\"https:\/\/www.yana.li\/wp-content\/uploads\/2021\/04\/Atelier-Creatie-2021-Traforaj-200x249.jpg 200w, https:\/\/www.yana.li\/wp-content\/uploads\/2021\/04\/Atelier-Creatie-2021-Traforaj-400x499.jpg 400w, https:\/\/www.yana.li\/wp-content\/uploads\/2021\/04\/Atelier-Creatie-2021-Traforaj.jpg 457w\" sizes=\"(max-width: 1024px) 100vw, (max-width: 640px) 100vw, 241px\" \/><\/span><\/div><div class=\"fusion-text fusion-text-2\"><p>Er ist einer der ersten Freiwilligen des Programms Generations und tr\u00e4gt zusammen mit seiner Frau Maria Jitaru w\u00f6chentlich zum Leben des Zentrums und zur Entwicklung der Kinder bei, indem er Workshops zur F\u00f6rderung der Selbst\u00e4ndigkeit, kreative Workshops, soziale und p\u00e4dagogische Workshops anbietet.<\/p>\n<\/div><div class=\"fusion-testimonials classic fusion-testimonials-1\" data-random=\"0\" data-speed=\"4000\"><style type=\"text\/css\">#fusion-testimonials-1 a{border-color:var(--awb-color8);}#fusion-testimonials-1 a:hover, #fusion-testimonials-1 .activeSlide{background-color: var(--awb-color8);}.fusion-testimonials.classic.fusion-testimonials-1 .author:after{border-top-color:var(--awb-color2) !important;}<\/style><div class=\"reviews\"><div class=\"review active-testimonial no-avatar\"><blockquote><q style=\"background-color:var(--awb-color2);color:var(--awb-color8);\" class=\"fusion-clearfix\">\n<h5>&#8222;Wenn wir etwas f\u00fcr die Kleinen tun k\u00f6nnen, wie k\u00f6nnten wir uns da nicht engagieren! Wir sind am besten bei praktischen Aktivit\u00e4ten&#8220;.<\/h5>\n<\/q><\/blockquote><div class=\"author\" style=\"color:var(--awb-color8);\"><span class=\"company-name\"><\/span><\/div><\/div><\/div><\/div><div class=\"fusion-text fusion-text-3\"><p>Seit Januar 2021 hat unser \u00e4lterer Freiwilliger die Holzbearbeitung \u00fcbernommen, bei der er zusammen mit den Kindern aus der Gemeinde, die das Tageszentrum besuchen, Holzkisten mit verschiedenen N\u00fctzlichkeiten, wie z. B. kleine Vogelfutterh\u00e4uschen, herstellen will. Sie kommen mit einem Rad in der Tasche oder mit verschiedenen n\u00fctzlichen Materialien f\u00fcr ihre Arbeit, um sicherzustellen, dass sie im Zentrum alles haben, was sie brauchen.<\/p>\n<\/div><div class=\"fusion-testimonials classic fusion-testimonials-2\" data-random=\"0\" data-speed=\"4000\"><style type=\"text\/css\">#fusion-testimonials-2 a{border-color:var(--awb-color8);}#fusion-testimonials-2 a:hover, #fusion-testimonials-2 .activeSlide{background-color: var(--awb-color8);}.fusion-testimonials.classic.fusion-testimonials-2 .author:after{border-top-color:var(--awb-color2) !important;}<\/style><div class=\"reviews\"><div class=\"review active-testimonial no-avatar\"><blockquote><q style=\"background-color:var(--awb-color2);color:var(--awb-color8);\" class=\"fusion-clearfix\">\n<h5>&#8222;Bitte erz\u00e4hlen Sie mir von den Kindern, mit denen ich arbeite. Ich w\u00fcrde gerne mehr wissen!&#8220; Er m\u00f6chte Einzelheiten \u00fcber die Kinder erfahren, insbesondere \u00fcber Anisia, bei der Autismus diagnostiziert wurde, die bei allen Workshops dabei war und f\u00fcr die diese Zeit therapeutisch ist. Das Ehepaar hat durch seine aktive Teilnahme an anderen b\u00fcrgerschaftlichen Aktionen in der Gemeinde Freude und ein Gef\u00fchl der Zielstrebigkeit gefunden, weil es glaubt, dass &#8222;Engagement, wie diskret auch immer, der einzige Weg ist, die Welt zu verbessern und andere Mitb\u00fcrger dazu zu bringen, sich am Gemeinwohl zu beteiligen!&#8220;<\/h5>\n<\/q><\/blockquote><div class=\"author\" style=\"color:var(--awb-color8);\"><span class=\"company-name\"><\/span><\/div><\/div><\/div><\/div><div class=\"fusion-text fusion-text-4\"><p>Derzeit profitieren 40 Kinder aus benachteiligten Familien von den Dienstleistungen der Kindertagesst\u00e4tte YANA House der Stiftung YANA, die von einem Team von Fachkr\u00e4ften zusammen mit 30 Freiwilligen, darunter sechs \u00e4lteren Freiwilligen, erbracht werden.<\/p>\n<p>Das Projekt &#8222;Generationen&#8220; wird seit 2019 mit Unterst\u00fctzung der Royal Foundation of Romania und der Raiffeisen Bank in unserem Zentrum durchgef\u00fchrt. In diesem Rahmen k\u00f6nnen Senioren aus der Gemeinde mit ihrer Lebenserfahrung, ihren Talenten und F\u00e4higkeiten zu den Aktivit\u00e4ten f\u00fcr Kinder beitragen.<\/p>\n<\/div><\/div><style type=\"text\/css\">.fusion-body .fusion-builder-column-0{width:100% !important;margin-top : 0px;margin-bottom : 20px;}.fusion-builder-column-0 > .fusion-column-wrapper {padding-top : 0px !important;padding-right : 0px !important;margin-right : 1.92%;padding-bottom : 0px !important;padding-left : 0px !important;margin-left : 1.92%;}@media only screen and (max-width:1024px) {.fusion-body .fusion-builder-column-0{width:100% !important;order : 0;}.fusion-builder-column-0 > .fusion-column-wrapper {margin-right : 1.92%;margin-left : 1.92%;}}@media only screen and (max-width:640px) {.fusion-body .fusion-builder-column-0{width:100% !important;order : 0;}.fusion-builder-column-0 > .fusion-column-wrapper {margin-right : 1.92%;margin-left : 1.92%;}}<\/style><\/div><\/div><style type=\"text\/css\">.fusion-body .fusion-flex-container.fusion-builder-row-1{ padding-top : 0px;margin-top : 30px;padding-right : 0px;padding-bottom : 0px;margin-bottom : 0px;padding-left : 0px;}<\/style><\/div>","protected":false},"excerpt":{"rendered":"","protected":false},"author":6,"featured_media":1560,"comment_status":"open","ping_status":"open","sticky":false,"template":"","format":"link","meta":{"_monsterinsights_skip_tracking":false,"_monsterinsights_sitenote_active":false,"_monsterinsights_sitenote_note":"","_monsterinsights_sitenote_category":0,"footnotes":""},"categories":[61,60],"tags":[],"class_list":["post-1564","post","type-post","status-publish","format-link","has-post-thumbnail","hentry","category-de-vorba-cu-seniorii-nostri","category-newsletter","post_format-post-format-link"],"aioseo_notices":[],"_links":{"self":[{"href":"https:\/\/www.yana.li\/de\/wp-json\/wp\/v2\/posts\/1564","targetHints":{"allow":["GET"]}}],"collection":[{"href":"https:\/\/www.yana.li\/de\/wp-json\/wp\/v2\/posts"}],"about":[{"href":"https:\/\/www.yana.li\/de\/wp-json\/wp\/v2\/types\/post"}],"author":[{"embeddable":true,"href":"https:\/\/www.yana.li\/de\/wp-json\/wp\/v2\/users\/6"}],"replies":[{"embeddable":true,"href":"https:\/\/www.yana.li\/de\/wp-json\/wp\/v2\/comments?post=1564"}],"version-history":[{"count":35,"href":"https:\/\/www.yana.li\/de\/wp-json\/wp\/v2\/posts\/1564\/revisions"}],"predecessor-version":[{"id":2246,"href":"https:\/\/www.yana.li\/de\/wp-json\/wp\/v2\/posts\/1564\/revisions\/2246"}],"wp:featuredmedia":[{"embeddable":true,"href":"https:\/\/www.yana.li\/de\/wp-json\/wp\/v2\/media\/1560"}],"wp:attachment":[{"href":"https:\/\/www.yana.li\/de\/wp-json\/wp\/v2\/media?parent=1564"}],"wp:term":[{"taxonomy":"category","embeddable":true,"href":"https:\/\/www.yana.li\/de\/wp-json\/wp\/v2\/categories?post=1564"},{"taxonomy":"post_tag","embeddable":true,"href":"https:\/\/www.yana.li\/de\/wp-json\/wp\/v2\/tags?post=1564"}],"curies":[{"name":"wp","href":"https:\/\/api.w.org\/{rel}","templated":true}]}}