{"id":1601,"date":"2021-05-26T05:25:12","date_gmt":"2021-05-26T05:25:12","guid":{"rendered":"https:\/\/www.yana.ro\/?p=1601"},"modified":"2023-04-04T09:24:11","modified_gmt":"2023-04-04T09:24:11","slug":"anunt-de-participare-la-procedura-de-atribuire-a-contractului-pentru-servicii-de-instruire-a-membrilor-grupului-tinta-in-cadrul-proiectului-formam-viitorul","status":"publish","type":"post","link":"https:\/\/www.yana.li\/de\/anunt-de-participare-la-procedura-de-atribuire-a-contractului-pentru-servicii-de-instruire-a-membrilor-grupului-tinta-in-cadrul-proiectului-formam-viitorul\/","title":{"rendered":"ANUN\u021a DE PARTICIPARE LA PROCEDURA DE ATRIBUIRE A CONTRACTULUI PENTRU SERVICII DE INSTRUIRE A MEMBRILOR GRUPULUI \u021aINT\u0102 \u00ceN CADRUL PROIECTULUI, \u201dFORMAM VIITORUL!\u201d"},"content":{"rendered":"<div class=\"fusion-fullwidth fullwidth-box fusion-builder-row-1 fusion-flex-container nonhundred-percent-fullwidth non-hundred-percent-height-scrolling\" style=\"background-color: rgba(255,255,255,0);background-position: center center;background-repeat: no-repeat;border-width: 0px 0px 0px 0px;border-color:#eae9e9;border-style:solid;\" ><div class=\"fusion-builder-row fusion-row fusion-flex-align-items-flex-start\" style=\"max-width:calc( 1170px + 0px );margin-left: calc(-0px \/ 2 );margin-right: calc(-0px \/ 2 );\"><div class=\"fusion-layout-column fusion_builder_column fusion-builder-column-0 fusion_builder_column_1_1 1_1 fusion-flex-column\"><div class=\"fusion-column-wrapper fusion-flex-justify-content-flex-start fusion-content-layout-column\" style=\"background-position:left top;background-repeat:no-repeat;-webkit-background-size:cover;-moz-background-size:cover;-o-background-size:cover;background-size:cover;padding: 0px 0px 0px 0px;\"><div class=\"fusion-text fusion-text-1\"><p><strong>1. Denumirea, adresa, num\u0103rul de fax, adresa de e-mail a autorit\u0103\u021bii contractante.<\/strong><\/p>\n<p>Denumirea autorit\u0103\u0163ii contractante: \u00a0Fundatia YANA-You ARE NOT-ALONE Charitable Foundation<\/p>\n<p>Adresa:\u00a0 str. Trandafirilor, nr. 5, comuna Nicolae Balcescu, jude\u021bul Bacau , cod po\u0219tal 607355, email info@yaha.li<\/p>\n<p>Reprezentant legal: \u00a0Mateiu Ana-Gabriela \u00a0\u2013 Director executiv<\/p>\n<p><strong>2. Obiectul contractului<\/strong><\/p>\n<p>Achizi\u021bia de servicii de servicii de instruire a membrilor grupului \u021bint\u0103, CPV 79632000-3 Servicii de formare a personalului, dup\u0103 cum urmeaz\u0103:<\/p>\n<ul>\n<li>Program de training pentru 50 profesori din cele 5 unit\u0103\u021bi \u0219colare (persoane juridice), vizate de proiect,\u00a0 pentru deprinderea de competen\u021be \u00een lucrul cu elevii pe urm\u0103toarele teme: dezvoltarea rela\u021biilor, siguran\u021ba rela\u021biilor pe internet; educa\u021bie pentru s\u0103n\u0103tate \u0219i educa\u021bie sexual\u0103; prevenirea consumului de alcool, droguri \u0219i alte adic\u021bii, \u0219i combaterea traficului de persoane; Training-ul se va desf\u0103\u0219ura \u00een 2 etape, pe perioade de c\u00e2te 4 zile, la Sl\u0103nic-Moldova, \u00een jude\u021bul Bac\u0103u \u00een anii \u0219colari 2020-2021 \u0219i 2021-2022.<\/li>\n<li>Servicii de cazare \u0219i masa pentru derularea programului de training.<\/li>\n<li>Program de coaching. Pentru activitatea de coaching va fi organizat\u0103 c\u00e2te 1 \u00eent\u00e2lnire \u00een fiecare \u0219coal\u0103 vizat\u0103 de proiect, odat\u0103 la 2 luni, pe parcursul celor 2 ani \u0219colari. Proiectul va cuprinde 2 ani \u0219colari, adic\u0103 20 luni. \u00cen total vor fi organizate 5 \u00eent\u00e2lniri de coaching \u00een fiecare \u0219coal\u0103 \u0219i 5 \u0219edin\u021be online.<\/li>\n<li>Organizarea unui eveniment de diseminare de o zi, \u00een r\u00e2ndul a 75 de profesori din \u0219colile colaboratoare, a informa\u021biilor dob\u00e2ndite de profesorii forma\u021bi \u0219i asigurarea suportului (coaching) pentru ace\u0219tia \u00een punerea \u00een aplicare a noilor competen\u021be dob\u00e2ndite \u0219i a metodelor noi de predare \u00eenv\u0103\u021bate.<\/li>\n<\/ul>\n<p>Activit\u0103\u021bile de coaching se vor desf\u0103\u0219ura \u00een fiecare dintre \u0219colile colaboratoare:<\/p>\n<ul>\n<li>\u0218coala Gimnazial\u0103 \u201eAlexandru Piru\u201d M\u0103rgineni, structura M\u0103rgineni jude\u021bul Bac\u0103u;<\/li>\n<li>\u0218coala Gimnazial\u0103 cu clasele I-VIII R\u0103c\u0103ciuni, comuna R\u0103c\u0103ciuni, jude\u021bul Bac\u0103u;<\/li>\n<li>\u0218coala Gimnazial\u0103 cu clasele I-VIII Filipeni, comuna Filipeni, jude\u021bul Bac\u0103u;<\/li>\n<li>\u0218coala Gimnazial\u0103 cu clasele I-VIII Nicolae B\u0103lcescu, jude\u021bul Bac\u0103u;<\/li>\n<li>\u0218coala Gimnazial\u0103 cu clasele I-VIII \u201cCostache Negri\u201d structura a Liceului Teologic Romano-Catolic \u201cSfantul Francisc de Assisi\u201d, municipiul Roman, jude\u021bul Neam\u021b;<\/li>\n<\/ul>\n<p><strong>3. Valoarea estimat\u0103 a achizi\u021biei: 64,122.02 lei f\u0103r\u0103 TVA.<\/strong><\/p>\n<p><strong>4. Termenul de depunere a ofertei<\/strong> 02.06.2020, orele 16<\/p>\n<p><strong>5. Adresa la care trebuie transmise ofertele:<\/strong> email <a href=\"mailto:info@yaha.li\">info@yaha.li<\/a><\/p>\n<p><strong>6. Limba \u00een care trebuie redactate ofertele:<\/strong> rom\u00e2n\u0103<\/p>\n<p><strong>7. Procedura de atribuire a contractului:<\/strong> achizi\u021bie direct\u0103, conform Ordinului 1284\/2016<\/p>\n<p><strong>8. Informa\u021bii suplimentare privind contractul<\/strong> &#8211; specifica\u021biile tehnice si formularele se vor solicita prin e-mail de c\u0103tre cei interesa\u021bi; pentru eventuale clarificari se vor folosi datele de contact precizate<\/p>\n<p><strong>9. Analizarea ofertelor: <\/strong>are loc \u00een ziua de 03.06.2021, orele 11 la sediul\u00a0 Fundatiei YANA-You ARE NOT-ALONE Charitable Foundation str. Trandafirilor, nr. 5, comuna Nicolae Balcescu, judej Bacau , Rom\u00e2nia, cod po\u0219tal 607355, \u00a0Tel 0234 214 140, email: <a href=\"mailto:info@yaha.li\">info@yaha.li<\/a><\/p>\n<p><strong>10. Criterii minime de calificare<\/strong><\/p>\n<p>Criteriile de calificare vizeaza: condi\u021biile personale, respectiv situa\u021bia personal\u0103 a ofertantului \u0219i capacitatea de exercitare a activit\u0103\u021bii profesionale.<\/p>\n<p>Conditii personale:<\/p>\n<p>Capacitatea de exercitare a activit\u0103\u021bii profesionale ;<\/p>\n<p>Ofertan\u021bii trebuie s\u0103 fie persoane juridice avand capacitatea necesar\u0103 pentru \u00eendeplinirea contractului.<\/p>\n<p>Pentru a dovedi capacitatea de exercitare a activit\u0103\u021bii profesionale, ofertan\u021bii vor prezenta documente edificatoare care s\u0103 dovedeasc\u0103 forma de \u00eenregistrare ca persoana juridic\u0103 \u0219i, dup\u0103 caz, de atestare ori apartenen\u021b\u0103 din punct de vedere profesional, \u00een conformitate cu prevederile din \u021bara \u00een care ofertantul este stabilit.<\/p>\n<p>Ofertan\u021bii vor depune copia certificatului constatator ORC, din care s\u0103 rezulte c\u0103 sunt abilita\u021bi s\u0103 furnizeze serviciile ce fac obiectul contractului \u0219i c\u0103 activitatea este autorizat\u0103<\/p>\n<p><strong>11. Atribuirea contractului de achizi\u021bie\u00a0 se face prin evaluarea ofertelor \u0219i selectarea ofertei cu pre\u021bul cel mai sc\u0103zut<\/strong><\/p>\n<p><strong>12. Data trimiterii spre publicare a anun\u021bului:<\/strong> 26.05.2021<\/p>\n<\/div><\/div><style type=\"text\/css\">.fusion-body .fusion-builder-column-0{width:100% !important;margin-top : 0px;margin-bottom : 0px;}.fusion-builder-column-0 > .fusion-column-wrapper {padding-top : 0px !important;padding-right : 0px !important;margin-right : 0px;padding-bottom : 0px !important;padding-left : 0px !important;margin-left : 0px;}@media only screen and (max-width:1024px) {.fusion-body .fusion-builder-column-0{width:100% !important;}.fusion-builder-column-0 > .fusion-column-wrapper {margin-right : 0px;margin-left : 0px;}}@media only screen and (max-width:640px) {.fusion-body .fusion-builder-column-0{width:100% !important;}.fusion-builder-column-0 > .fusion-column-wrapper {margin-right : 0px;margin-left : 0px;}}<\/style><\/div><\/div><style type=\"text\/css\">.fusion-body .fusion-flex-container.fusion-builder-row-1{ padding-top : 0px;margin-top : 40px;padding-right : 0px;padding-bottom : 0px;margin-bottom : 0px;padding-left : 0px;}<\/style><\/div>","protected":false},"excerpt":{"rendered":"","protected":false},"author":6,"featured_media":1603,"comment_status":"open","ping_status":"open","sticky":false,"template":"","format":"standard","meta":{"_monsterinsights_skip_tracking":false,"_monsterinsights_sitenote_active":false,"_monsterinsights_sitenote_note":"","_monsterinsights_sitenote_category":0,"footnotes":""},"categories":[85,47],"tags":[],"class_list":["post-1601","post","type-post","status-publish","format-standard","has-post-thumbnail","hentry","category-comunicate-de-presa","category-noutati"],"aioseo_notices":[],"_links":{"self":[{"href":"https:\/\/www.yana.li\/de\/wp-json\/wp\/v2\/posts\/1601","targetHints":{"allow":["GET"]}}],"collection":[{"href":"https:\/\/www.yana.li\/de\/wp-json\/wp\/v2\/posts"}],"about":[{"href":"https:\/\/www.yana.li\/de\/wp-json\/wp\/v2\/types\/post"}],"author":[{"embeddable":true,"href":"https:\/\/www.yana.li\/de\/wp-json\/wp\/v2\/users\/6"}],"replies":[{"embeddable":true,"href":"https:\/\/www.yana.li\/de\/wp-json\/wp\/v2\/comments?post=1601"}],"version-history":[{"count":1,"href":"https:\/\/www.yana.li\/de\/wp-json\/wp\/v2\/posts\/1601\/revisions"}],"predecessor-version":[{"id":1602,"href":"https:\/\/www.yana.li\/de\/wp-json\/wp\/v2\/posts\/1601\/revisions\/1602"}],"wp:featuredmedia":[{"embeddable":true,"href":"https:\/\/www.yana.li\/de\/wp-json\/wp\/v2\/media\/1603"}],"wp:attachment":[{"href":"https:\/\/www.yana.li\/de\/wp-json\/wp\/v2\/media?parent=1601"}],"wp:term":[{"taxonomy":"category","embeddable":true,"href":"https:\/\/www.yana.li\/de\/wp-json\/wp\/v2\/categories?post=1601"},{"taxonomy":"post_tag","embeddable":true,"href":"https:\/\/www.yana.li\/de\/wp-json\/wp\/v2\/tags?post=1601"}],"curies":[{"name":"wp","href":"https:\/\/api.w.org\/{rel}","templated":true}]}}