{"id":1698,"date":"2021-11-15T11:00:20","date_gmt":"2021-11-15T11:00:20","guid":{"rendered":"https:\/\/www.yana.ro\/?p=1698"},"modified":"2021-11-16T09:25:42","modified_gmt":"2021-11-16T09:25:42","slug":"coordonator-de-programe","status":"publish","type":"post","link":"https:\/\/www.yana.li\/de\/coordonator-de-programe\/","title":{"rendered":"Coordonator programe"},"content":{"rendered":"<div class=\"fusion-fullwidth fullwidth-box fusion-builder-row-1 fusion-flex-container nonhundred-percent-fullwidth non-hundred-percent-height-scrolling\" style=\"background-color: rgba(255,255,255,0);background-position: center center;background-repeat: no-repeat;border-width: 0px 0px 0px 0px;border-color:#eae9e9;border-style:solid;\" ><div class=\"fusion-builder-row fusion-row fusion-flex-align-items-flex-start\" style=\"max-width:calc( 1170px + 0px );margin-left: calc(-0px \/ 2 );margin-right: calc(-0px \/ 2 );\"><div class=\"fusion-layout-column fusion_builder_column fusion-builder-column-0 fusion_builder_column_1_1 1_1 fusion-flex-column\"><div class=\"fusion-column-wrapper fusion-flex-justify-content-flex-start fusion-content-layout-column\" style=\"background-position:left top;background-repeat:no-repeat;-webkit-background-size:cover;-moz-background-size:cover;-o-background-size:cover;background-size:cover;padding: 0px 0px 0px 0px;\"><div class=\"fusion-text fusion-text-1\"><p><strong>Norm\u0103 \u00eentreag\u0103, 9 ore\/zi<\/strong><\/p>\n<p>Departament: Programe<\/p>\n<p><strong>Cerin\u021bele postului:<\/strong><\/p>\n<p>\u2022\tStudii superioare, de preferin\u021b\u0103 \u00een asisten\u021b\u0103 social\u0103, psihologie, pedagogie, sociologie, drept, \u0219tiin\u021be politice <\/p>\n<p>\u2022\tExperien\u021b\u0103 de minim 3 ani \u00een coordonarea de proiecte\/programe; constituie avantaj experien\u021ba \u00een managementul serviciilor sociale<\/p>\n<p>\u2022\tExperien\u021b\u0103 \u00een dezvoltarea \u0219i implementarea programelor de dezvoltare organiza\u021bional\u0103<\/p>\n<p>\u2022\tExperien\u021b\u0103 \u00een scriere de proiecte<\/p>\n<p>\u2022\tCuno\u0219tin\u021be \u00een managementul organiza\u021bional, management strategic<\/p>\n<p>\u2022\tSpecialist \u00een managementul gestion\u0103rii \u0219i standardiz\u0103rii performantelor echipei<\/p>\n<p>\u2022\tCompeten\u021be \u00een domeniul legisla\u021biei protec\u021biei copilului \u0219i familiei<\/p>\n<p>\u2022\tPlanificare \u0219i abordare strategic\u0103, capacitate de analiz\u0103 \u0219i sintez\u0103<\/p>\n<p>\u2022\tRela\u021bionarea \u0219i comunicarea profesional\u0103 \u00een cadrul echipei<\/p>\n<p>\u2022\tCunoa\u0219terea mediului organiza\u021bional din domeniul social, \u00een special din aria protec\u021biei copilului<\/p>\n<p>\u2022\tCapacitatea de a r\u0103spunde diverselor cerin\u021be de raportare ale finan\u021batorilor<\/p>\n<p>\u2022\tExperien\u021b\u0103 \u00een utilizarea computerului: MS Office (Word, Excel, PowerPoint), analiza SPSS, supravegherea de date; constituie avantaj cuno\u0219tin\u021bele privind gestionarea paginilor web\/blog \u0219i comunicarea \u00een social media<\/p>\n<p>\u2022\tCuno\u0219tin\u021be limba englez\u0103: nivel mediu<\/p>\n<p>\u2022\tPermis auto: categorie B<\/p>\n<p><strong>Abilit\u0103\u021bi \u0219i aptitudini:<\/strong><\/p>\n<p>\u2022\tEchilibru psiho-emo\u021bional<\/p>\n<p>\u2022\tCapacitatea de adaptare la mediile organiza\u021bionale \u00een schimbare<\/p>\n<p>\u2022\tRezolvare proactiv\u0103 a problemelor<\/p>\n<p>\u2022\tCapacitate de a conduce \u0219i motiva<\/p>\n<p>\u2022\tProfunzimea in gandire si capacitatea de anticipare a reactiilor<\/p>\n<p>\u2022\tRezisten\u021ba la stres <\/p>\n<p>\u2022\tToleran\u021b\u0103 la frustrare<\/p>\n<p>\u2022\tAutonomie, capacitatea de a lucra cu supervizare minim\u0103<\/p>\n<p>\u2022\tCapacitatea de a-\u0219i duce la bun sf\u00e2r\u0219it ac\u021biunile <\/p>\n<p>\u2022\tPerseveren\u021ba<\/p>\n<p>\u2022\tSim\u021b de r\u0103spundere<\/p>\n<p>\u2022\tBun\u0103 comunicare verbal\u0103, oral\u0103 \u0219i scris\u0103, \u0219i abilit\u0103\u021bi pentru lucrul \u00een echip\u0103<\/p>\n<p>\u2022\tCreativitate \u0219i inova\u021bie<\/p>\n<p>\u2022\tProactivitate <\/p>\n<p>\u2022\tOrientare c\u0103tre ac\u021biune<\/p>\n<p>\u2022\tExecutarea \u00een mod responsabil a sarcinilor profesionale, cu respectarea regulilor de etic\u0103 \u0219i deontologie<\/p>\n<p>\u2022\tAtitudine pozitiv\u0103, orientare spre solu\u021bii<\/p>\n<p>\u2022\tCapacitate de a coordona procesul de elaborare a strategiei privind calitatea serviciilor sociale <\/p>\n<p>\u2022\tPromotor al valorilor de echip\u0103, capacit\u0103\u021bi de coaching<\/p>\n<p>\u2022\tPromotor al valorilor organiza\u021biei<\/p>\n<\/p>\n<p><strong> <\/strong><\/p>\n<\/div><\/div><style type=\"text\/css\">.fusion-body .fusion-builder-column-0{width:100% !important;margin-top : 0px;margin-bottom : 0px;}.fusion-builder-column-0 > .fusion-column-wrapper {padding-top : 0px !important;padding-right : 0px !important;margin-right : 0px;padding-bottom : 0px !important;padding-left : 0px !important;margin-left : 0px;}@media only screen and (max-width:1024px) {.fusion-body .fusion-builder-column-0{width:100% !important;}.fusion-builder-column-0 > .fusion-column-wrapper {margin-right : 0px;margin-left : 0px;}}@media only screen and (max-width:640px) {.fusion-body .fusion-builder-column-0{width:100% !important;}.fusion-builder-column-0 > .fusion-column-wrapper {margin-right : 0px;margin-left : 0px;}}<\/style><\/div><\/div><style type=\"text\/css\">.fusion-body .fusion-flex-container.fusion-builder-row-1{ padding-top : 0px;margin-top : 40px;padding-right : 0px;padding-bottom : 0px;margin-bottom : 0px;padding-left : 0px;}<\/style><\/div>","protected":false},"excerpt":{"rendered":"","protected":false},"author":6,"featured_media":1699,"comment_status":"open","ping_status":"open","sticky":false,"template":"","format":"standard","meta":{"_monsterinsights_skip_tracking":false,"_monsterinsights_sitenote_active":false,"_monsterinsights_sitenote_note":"","_monsterinsights_sitenote_category":0,"footnotes":""},"categories":[47],"tags":[],"class_list":["post-1698","post","type-post","status-publish","format-standard","has-post-thumbnail","hentry","category-noutati"],"aioseo_notices":[],"_links":{"self":[{"href":"https:\/\/www.yana.li\/de\/wp-json\/wp\/v2\/posts\/1698","targetHints":{"allow":["GET"]}}],"collection":[{"href":"https:\/\/www.yana.li\/de\/wp-json\/wp\/v2\/posts"}],"about":[{"href":"https:\/\/www.yana.li\/de\/wp-json\/wp\/v2\/types\/post"}],"author":[{"embeddable":true,"href":"https:\/\/www.yana.li\/de\/wp-json\/wp\/v2\/users\/6"}],"replies":[{"embeddable":true,"href":"https:\/\/www.yana.li\/de\/wp-json\/wp\/v2\/comments?post=1698"}],"version-history":[{"count":7,"href":"https:\/\/www.yana.li\/de\/wp-json\/wp\/v2\/posts\/1698\/revisions"}],"predecessor-version":[{"id":1715,"href":"https:\/\/www.yana.li\/de\/wp-json\/wp\/v2\/posts\/1698\/revisions\/1715"}],"wp:featuredmedia":[{"embeddable":true,"href":"https:\/\/www.yana.li\/de\/wp-json\/wp\/v2\/media\/1699"}],"wp:attachment":[{"href":"https:\/\/www.yana.li\/de\/wp-json\/wp\/v2\/media?parent=1698"}],"wp:term":[{"taxonomy":"category","embeddable":true,"href":"https:\/\/www.yana.li\/de\/wp-json\/wp\/v2\/categories?post=1698"},{"taxonomy":"post_tag","embeddable":true,"href":"https:\/\/www.yana.li\/de\/wp-json\/wp\/v2\/tags?post=1698"}],"curies":[{"name":"wp","href":"https:\/\/api.w.org\/{rel}","templated":true}]}}