{"id":1782,"date":"2022-04-26T12:34:13","date_gmt":"2022-04-26T12:34:13","guid":{"rendered":"https:\/\/www.yana.ro\/?p=1782"},"modified":"2022-04-27T08:44:20","modified_gmt":"2022-04-27T08:44:20","slug":"redirectioneaza-3-5-din-impozitul-pe-venit-catre-fundatia-yana","status":"publish","type":"post","link":"https:\/\/www.yana.li\/de\/redirectioneaza-3-5-din-impozitul-pe-venit-catre-fundatia-yana\/","title":{"rendered":"Redirec\u021bioneaz\u0103 3.5% c\u0103tre Funda\u021bia YANA"},"content":{"rendered":"<p>&nbsp;<\/p>\n<p>&nbsp;<\/p>\n<p>&nbsp;<\/p>\n<p><span style=\"font-weight: 400;\">\u0218tiai c\u0103 anual po\u021bi redirec\u021biona 3.5% din impozitul pe venit, c\u0103tre un ONG, prin completarea unui simplu formular pe care \u00eel po\u021bi accesa online? Astfel, cu un efort minim, ne po\u021bi oferi un sprijin important \u0219i \u00ee\u021bi po\u021bi spune cuv\u00e2ntul \u00een privin\u021ba felului \u00een care este investit\u0103 o parte din cotiza\u021bia ta c\u0103tre stat.<\/span><\/p>\n<p><span style=\"font-weight: 400;\">P\u00e2n\u0103 la data de 25 Mai, po\u021bi alege s\u0103 sus\u021bii Funda\u021bia Yana printr-un proces simplu \u0219i la \u00eendem\u00e2n\u0103. Primul pas este s\u0103 descarci formularul 230 de <\/span><a href=\"https:\/\/www.yaha.li\/campania-35\/\"><span style=\"font-weight: 400;\">aici<\/span><\/a><span style=\"font-weight: 400;\"> \u0219i s\u0103 \u00eel completezi. \u00cel po\u021bi trimite \u00eenapoi pe adresa de email a Funda\u021biei YANA \u0219i ne ocup\u0103m noi mai departe, \u00ee<\/span><span style=\"font-weight: 400;\">l po\u021bi <\/span><span style=\"font-weight: 400;\">depune direct la <\/span><a href=\"https:\/\/static.anaf.ro\/static\/10\/Anaf\/AsistentaContribuabili_r\/telefoane_judete\/Regiuni.htm\"><span style=\"font-weight: 400;\">registratura administra\u021biei financiare de care apar\u021bii<\/span><\/a><span style=\"font-weight: 400;\"> sau folosind serviciul online ANAF, <\/span><a href=\"https:\/\/www.anaf.ro\/anaf\/internet\/ANAF\/servicii_online\/inreg_inrol_pf_pj_spv\"><span style=\"font-weight: 400;\">Spatiul Privat Virtual<\/span><\/a><span style=\"font-weight: 400;\">.<\/span><\/p>\n<p><b>Ce este formularul 230?<\/b><\/p>\n<p><span style=\"font-weight: 400;\">Formularul 230, numit \u0219i declara\u021bia 230, este o modalitate prin care oricare cet\u0103\u021bean rom\u00e2n, pl\u0103titor al impozitului pe venit poate redirec\u021biona p\u00e2n\u0103 la 3.5% din cotiza\u021bia sa anual\u0103 sau pentru o perioad\u0103 de p\u00e2n\u0103 la 2 ani c\u0103tre un ONG. Suma respectiv\u0103 nu mai ajunge \u00een bugetul statului ci este direc\u021bionat\u0103 din start c\u0103tre ONG-ul ales.<\/span><\/p>\n<p><b>Cine poate completa formularul 230?<\/b><\/p>\n<p><span style=\"font-weight: 400;\">Formularul poate fi completat \u0219i depus de c\u0103tre persoanele fizice care realizeaz\u0103 urm\u0103toarele\u00a0 venituri din Rom\u00e2nia:<\/span><\/p>\n<ul>\n<li style=\"font-weight: 400;\" aria-level=\"1\"><span style=\"font-weight: 400;\">Venituri din salarii \u0219i asimilate salariilor.<\/span><\/li>\n<li style=\"font-weight: 400;\" aria-level=\"1\"><span style=\"font-weight: 400;\">Venituri din pensii.<\/span><\/li>\n<li style=\"font-weight: 400;\" aria-level=\"1\"><span style=\"font-weight: 400;\">Venituri din activit\u0103\u021bi independente impuse pe baz\u0103 de norm\u0103 de venit.<\/span><\/li>\n<li style=\"font-weight: 400;\" aria-level=\"1\"><span style=\"font-weight: 400;\">Venituri din activit\u0103\u021bi agricole impuse pe baz\u0103 de norm\u0103 de venit.<\/span><\/li>\n<li style=\"font-weight: 400;\" aria-level=\"1\"><span style=\"font-weight: 400;\">Venituri din activit\u0103\u021bi independente realizate \u00een baza contractelor de activitate sportiv\u0103, pentru care impozitul se re\u021bine la surs\u0103.<\/span><\/li>\n<li style=\"font-weight: 400;\" aria-level=\"1\"><span style=\"font-weight: 400;\">Venituri din drepturi de proprietate intelectual\u0103.<\/span><\/li>\n<li style=\"font-weight: 400;\" aria-level=\"1\"><span style=\"font-weight: 400;\">Venituri din cedarea folosin\u021bei bunurilor pentru care venitul net se determin\u0103 pe baza normelor de venit \u0219i venituri din cedarea folosin\u021bei bunurilor pentru care venitul net se determin\u0103 pe baa cotelor forfetare de cheltuieli.<\/span><\/li>\n<\/ul>\n<p><b>De ce s\u0103 redirec\u021bionezi 3.5% din impozitul pe venit?<\/b><\/p>\n<p><span style=\"font-weight: 400;\">Pentru c\u0103 este dreptul t\u0103u s\u0103 decizi cum vor fi utiliza\u021bi ace\u0219ti bani, iar acest drept \u00ee\u021bi ofer\u0103 posibilitatea de a sus\u021bine cauzele care sunt importante pentru tine \u0219i organiza\u021biile care aduc o contribu\u021bie real\u0103 \u00een comunitatea din care faci parte<\/span><span style=\"font-weight: 400;\">.\u00a0<\/span><\/p>\n<p><b>Organiza\u021biile non-guvernamentale<\/b><\/p>\n<p><span style=\"font-weight: 400;\">Organiza\u021biile non-guvernamentale contribuie \u00een moduri vitale la buna func\u021bionare a unei societ\u0103\u021bi \u0219i la bun\u0103starea tuturor cet\u0103\u021benilor. \u00cen Rom\u00e2nia, 90.000 de ONG-uri constituie o infrastructur\u0103 umanitar\u0103 care protejeaz\u0103 demersul democratic \u0219i mediaz\u0103 rela\u021bia dintre cet\u0103\u021beni \u0219i stat, intervenind acolo unde acesta nu poate investi resursele necesare pentru a asigura nevoile constituen\u021bilor s\u0103i.<\/span><\/p>\n<p><span style=\"font-weight: 400;\">Fiind formate prin asocieri ale cet\u0103\u021benilor \u00een jurul unor cauze \u0219i valori comune, pentru activit\u0103\u021bi care au un caracter non-profit, ONG-urile reu\u0219esc s\u0103 identifice \u0219i s\u0103 cunoasc\u0103 \u00eendeaproape problemele comunit\u0103\u021bilor din care fac parte, proiect\u00e2nd \u0219i implement\u00e2nd cu succes solu\u021bii eficiente, adaptate situa\u021biilor particulare cu care acestea se confrunt\u0103.<\/span><\/p>\n<p><span style=\"font-weight: 400;\">Unul dintre cele mai importante roluri pe care ONG-urile \u0219i le asum\u0103 este acela de a sprijini integrarea grupurilor defavorizate \u00een societate, oferind serviciile sociale necesare persoanelor aflate \u00een situa\u021bii de vulnerabilitate, pentru ca acestea s\u0103 \u00ee\u0219i poat\u0103 dezvolta poten\u021bialul \u0219i s\u0103-\u0219i g\u0103seasc\u0103 locul, contribuind astfel la r\u00e2ndul lor la prosperitatea comunit\u0103\u021bilor din care fac parte.<\/span><\/p>\n<p><span style=\"font-weight: 400;\">O alt\u0103 misiune important\u0103 pe care organiza\u021biile non-guvernamentale o \u00eendeplinesc este aceea de a promova cauze sociale, prevenind astfel agravarea lor datorit\u0103 preconcep\u021biilor \u0219i a lipsei de informare corespunz\u0103toare. Educa\u021bia \u0219i diseminarea eficient\u0103 a unor informa\u021bii corecte asupra problemelor cu care ne confrunt\u0103m cultiv\u0103 compasiune \u0219i \u00een\u021belegere \u00een r\u00e2ndul oamenilor \u0219i contribuie la schimb\u0103ri pozitive de atitudine la nivel de societate.<\/span><\/p>\n<p><span style=\"font-weight: 400;\">Pentru a-\u0219i desf\u0103\u0219ura activit\u0103\u021bile, care au din principiu un caracter non-profit, ONG-urile au posibilitatea de a accesa diverse op\u021biuni de finan\u021bare, precum fonduri oferite de stat sau de diverse institu\u021bii. De cele mai multe ori, \u00eens\u0103, resursele disponibile nu sunt suficiente pentru a acoperi nevoile existente \u00een societate \u0219i astfel o bun\u0103 parte din aceste organiza\u021bii depind de sprijinul comunit\u0103\u021bii pentru men\u021binerea sau extinderea ini\u021biativelor pe care le implementeaz\u0103.<\/span><\/p>\n<p><b>\u201cDac\u0103 to\u021bi angaja\u021bii din Rom\u00e2nia ar completa acest formular, dup\u0103 un calcul simplu, \u021bin\u00e2nd cont de salariul mediu brut, anual s-ar putea redirec\u021biona c\u0103tre organiza\u021biile non-profit <\/b><b>peste 200 milioane de euro<\/b><b>.\u201d<\/b><span style=\"font-weight: 400;\">\u00a0<\/span><\/p>\n<p><span style=\"font-weight: 400;\">(sursa: https:\/\/redirectioneaza.ro)<\/span><\/p>\n<p><b>Funda\u021bia YANA<\/b><\/p>\n<p><span style=\"font-weight: 400;\">YANA &#8211; You Are Not Alone Charitable Foundation este o organiza\u021bie non-guvernamental\u0103 activ\u0103 \u00een jude\u021bul Bac\u0103u cu programe de sprijinire a familiei, copilului, v\u00e2rstnicului \u00een situa\u0163ii de vulnerabilitate. Prin oferirea de servicii sociale integrate \u00een cadrul centrelor de zi ale Funda\u021biei, accentul este pus pe men\u021binerea copilului \u00een mediul familial \u0219i pe prevenirea abandonului \u0219colar, pe \u00eembun\u0103t\u0103\u021birea calit\u0103\u021bii vie\u021bii \u0219i cre\u0219terea gradului de autonomie. Astfel, oferim copiilor \u00eengrijire, educa\u021bie, recreere, socializare, asisten\u021b\u0103 psihologic\u0103, consiliere, dezvoltarea deprinderilor de via\u021b\u0103 independent\u0103, orientare \u0219colar\u0103 \u0219i profesional\u0103, burse, iar p\u0103rin\u021bilor consiliere \u0219i educa\u021bie, sprijin pentru \u00eembun\u0103t\u0103\u021birea condi\u021biilor de locuit, sprijin material de urgen\u021b\u0103.<\/span><\/p>\n<p><b>De ce s\u0103 sus\u021bii funda\u021bia YANA?<\/b><\/p>\n<ul>\n<li style=\"font-weight: 400;\" aria-level=\"1\"><span style=\"font-weight: 400;\">Experien\u021ba de peste <\/span><b>25 de ani<\/b><span style=\"font-weight: 400;\"> \u00een dezvoltarea \u0219i implementarea proiectelor sociale garanteaz\u0103 eficien\u021ba \u0219i integritatea serviciilor pe care le oferim.<\/span><\/li>\n<li style=\"font-weight: 400;\" aria-level=\"1\"><b>Prezen\u021ba \u00eendelungat\u0103 \u0219i consecvent\u0103<\/b><span style=\"font-weight: 400;\"> \u00een comunit\u0103\u021bile pe care le sus\u021binem ne-au ajutat s\u0103 cultiv\u0103m \u00eencredere din partea lor \u0219i s\u0103 construim o rela\u021bie armonioas\u0103 care ajut\u0103 la eficientizarea interven\u021biilor noastre \u0219i la dezvoltarea unui spirit de apartenen\u021b\u0103 \u0219i de implicare social\u0103.<\/span><\/li>\n<li style=\"font-weight: 400;\" aria-level=\"1\"><span style=\"font-weight: 400;\">Cu ajutorul centrelor din comunele Nicolae B\u0103lcescu \u0219i M\u0103rgineni,<\/span> <b>\u00eenso\u021bim zilnic 150 de copii<\/b><span style=\"font-weight: 400;\"> \u00een formarea \u015fi dezvoltarea lor, prin servicii menite s\u0103 le \u00eembun\u0103t\u0103\u0163easc\u0103 calitatea vie\u0163ii \u00een prezent \u015fi s\u0103 le ofere \u015fansa la un viitor mai bun prin educa\u0163ie.<\/span><\/li>\n<li style=\"font-weight: 400;\" aria-level=\"1\"><span style=\"font-weight: 400;\">Desf\u0103\u0219ur\u0103m <\/span><b>activit\u0103\u021bi educative interdisciplinare<\/b><span style=\"font-weight: 400;\">, aliniate celor mai \u00eenalte standarde din domeniu \u0219i bazate pe cele mai noi viziuni \u0219i practici adoptate la nivel interna\u021bional.<\/span><\/li>\n<li style=\"font-weight: 400;\" aria-level=\"1\"><span style=\"font-weight: 400;\">Facilit\u0103m accesul copiilor cu <\/span><b>nevoi educa\u021bionale speciale<\/b><span style=\"font-weight: 400;\"> la personal calificat \u0219i contexte de \u00eenv\u0103\u021bare adaptate cerin\u021belor lor specifice, pentru a-i ajuta s\u0103 se integreze \u00een societate \u0219i a valoriza poten\u021bialul unic de care dispun.<\/span><\/li>\n<li style=\"font-weight: 400;\" aria-level=\"1\"><span style=\"font-weight: 400;\">Oferim comunit\u0103\u021bii accesul la o echip\u0103 de <\/span><b>27 de profesioni\u0219ti<\/b><span style=\"font-weight: 400;\"> din domenii esen\u021biale dezvolt\u0103rii personale. Astfel, facilit\u0103m valorizarea resurselor profesionale existente \u00een societate \u00een interesul oamenilor \u0219i le punem acestora la dispozi\u021bie servicii importante care adesea le sunt inaccesibile.<\/span><\/li>\n<li style=\"font-weight: 400;\" aria-level=\"1\"><span style=\"font-weight: 400;\">Prezen\u021ba noastr\u0103 \u00een comunitate ajut\u0103 la <\/span><b>sus\u021binerea familiilor<\/b><span style=\"font-weight: 400;\"> aflate \u00een situa\u021bii de vulnerabilitate, prevenind riscul de separare a copiilor de acestea.<\/span><\/li>\n<li style=\"font-weight: 400;\" aria-level=\"1\"><span style=\"font-weight: 400;\">Promov\u0103m valori \u0219i cauze sociale ajut\u00e2nd la o informare corect\u0103 \u0219i eficient\u0103 a cet\u0103\u021benilor \u00een privin\u021ba acestora \u0219i cultiv\u00e2nd astfel <\/span><b>atitudini pozitive \u0219i proactive<\/b><span style=\"font-weight: 400;\"> \u00een societate.<\/span><\/li>\n<li style=\"font-weight: 400;\" aria-level=\"1\"><span style=\"font-weight: 400;\">Programele noastre de voluntariat sunt flexibile \u0219i se adreseaz\u0103 tuturor categoriilor de v\u00e2rst\u0103, av\u00e2nd caracteristici diferite, menite s\u0103 pun\u0103 c\u00e2t mai mult \u00een valoare <\/span><b>poten\u021bialul specific al fiec\u0103rui individ<\/b><span style=\"font-weight: 400;\"> care \u00ee\u0219i dore\u0219te s\u0103 contribuie.<\/span><\/li>\n<li style=\"font-weight: 400;\" aria-level=\"1\"><span style=\"font-weight: 400;\">\u00cencuraj\u0103m voluntariatul \u0219i <\/span><b>implicarea seniorilor din comunitate<\/b><span style=\"font-weight: 400;\">, ajut\u00e2nd astfel la crearea unui dialog \u00eentre genera\u021bii \u0219i facilit\u00e2nd acestora prilejul implic\u0103rii sociale generatoare de compasiune, apartenen\u021b\u0103 \u0219i sens.<\/span><\/li>\n<li style=\"font-weight: 400;\" aria-level=\"1\"><span style=\"font-weight: 400;\">Programele de voluntariat pentru tineri le ofer\u0103 acestora un context \u00een care \u00ee\u0219i pot dezvolta <\/span><b>exeperien\u021ba profesional\u0103 \u00een domeniul proiectelor sociale<\/b><span style=\"font-weight: 400;\">, f\u0103c\u00e2nd \u00een acela\u0219i timp o diferen\u021b\u0103 real\u0103 \u00een vie\u021bile oamenilor cu care lucreaz\u0103.<\/span><\/li>\n<li style=\"font-weight: 400;\" aria-level=\"1\"><span style=\"font-weight: 400;\">Organiz\u0103m tabere pentru copii \u0219i evenimente \u00een care \u00eencuraj\u0103m participarea comunit\u0103\u021bii, cultiv\u00e2nd rela\u021biile armonioase dintre membri acesteia \u0219i cre\u00e2nd contexte de <\/span><b>\u00eenv\u0103\u021bare experien\u021bial\u0103<\/b><span style=\"font-weight: 400;\"> benefice tuturor celor implica\u021bi.<\/span><\/li>\n<li style=\"font-weight: 400;\" aria-level=\"1\"><span style=\"font-weight: 400;\">Modelul de servicii oferit de<\/span><a href=\"https:\/\/www.facebook.com\/fundatiayana.bacau\/?__cft__[0]=AZWc95raNZFhcYIzczJhqCrI-AJITeV-4xCsWZYgJK3FORHD7BTyU9tmkgn0yaRp7gl41EIkqrxzET0DwFUkkesT7z4oFm-3obIyDbBGawEPs3_r3X4VZfjwY_1Ar79ZNI_5kzS1zDBBhW5mp85TDIQ1&amp;__tn__=kK-R\"> <span style=\"font-weight: 400;\">Fundatia YANA<\/span><\/a><span style=\"font-weight: 400;\"> este recunoscut ca<\/span><b> exemplu de bun\u0103 practic\u0103<\/b><span style=\"font-weight: 400;\"> de Autoritatea Na\u021bional\u0103 pentru Drepturile Persoanelor cu Dizabilit\u0103\u021bi, Copii \u0219i Adop\u021bii. Acest lucru valideaz\u0103 eficacitatea viziunii noastre \u0219i este o m\u0103rturie a impactului pozitiv pe care \u00eel putem avea chiar \u0219i \u00een afara comunit\u0103\u021bilor cu care lucr\u0103m \u00een mod direct.\u00a0<\/span><\/li>\n<li style=\"font-weight: 400;\" aria-level=\"1\"><span style=\"font-weight: 400;\">Promov\u0103m, sus\u021binem \u0219i protej\u0103m <\/span><b>drepturile persoanelor cu dizabilit\u0103\u021bi<\/b><span style=\"font-weight: 400;\"> \u0219i desf\u0103\u0219ur\u0103m ini\u021biative prin care facilit\u0103m o mai bun\u0103 integrare a acestora \u00een societate.<\/span><\/li>\n<li style=\"font-weight: 400;\" aria-level=\"1\"><b>Urm\u0103rim cu aten\u021bie nevoile comunit\u0103\u021bii noastre<\/b><span style=\"font-weight: 400;\">, identific\u00e2nd cele mai importante probleme \u0219i dezvolt\u00e2nd solu\u021bii pentru ameliorarea lor.\u00a0<\/span><\/li>\n<li style=\"font-weight: 400;\" aria-level=\"1\"><span style=\"font-weight: 400;\">Experien\u021ba vast\u0103 \u0219i rezultatele pe care le ob\u021binem zi de zi certifc\u0103 faptul c\u0103 modelele noastre de servicii fac o real\u0103 diferen\u021b\u0103 \u00een vie\u021bile oamenilor. Suntem preg\u0103ti\u021bi \u0219i capabili de a ne <\/span><b>amplifica impactul \u00een societate<\/b><span style=\"font-weight: 400;\"> \u0219i a ne extinde activitatea \u00een m\u0103sura \u00een care resursele de care dispunem ne permit.\u00a0\u00a0<\/span><\/li>\n<\/ul>\n<p><span style=\"font-weight: 400;\">Activitatea noastr\u0103 nu ar fi posibil\u0103 f\u0103r\u0103 sus\u021binerea pe care o primim din partea comunit\u0103\u021bii. Fiecare dintre noi \u00ee\u0219i poate aduce aportul la dezvoltarea unei societ\u0103\u021bi armonioase \u0219i prospere, cu un pic de implicare. D\u0103ruindu-ne doar c\u00e2teva minute din timpul t\u0103u, ne po\u021bi oferi un sprijin important care ne ajut\u0103 s\u0103 ne continu\u0103m activitatea \u0219i s\u0103 ne ducem viziunea mai departe.\u00a0<\/span><\/p>\n<p><b>Contribu\u021bia ta poate schimba destine!<\/b><\/p>\n","protected":false},"excerpt":{"rendered":"<p>&nbsp; &nbsp; &nbsp; \u0218tiai c\u0103 anual po\u021bi redirec\u021biona 3.5% din impozitul pe venit, c\u0103tre un ONG, prin completarea unui simplu formular pe care \u00eel po\u021bi accesa online? Astfel, cu un [&hellip;]<\/p>\n","protected":false},"author":5,"featured_media":1783,"comment_status":"open","ping_status":"open","sticky":false,"template":"","format":"standard","meta":{"_monsterinsights_skip_tracking":false,"_monsterinsights_sitenote_active":false,"_monsterinsights_sitenote_note":"","_monsterinsights_sitenote_category":0,"footnotes":""},"categories":[47],"tags":[],"class_list":["post-1782","post","type-post","status-publish","format-standard","has-post-thumbnail","hentry","category-noutati"],"aioseo_notices":[],"_links":{"self":[{"href":"https:\/\/www.yana.li\/de\/wp-json\/wp\/v2\/posts\/1782","targetHints":{"allow":["GET"]}}],"collection":[{"href":"https:\/\/www.yana.li\/de\/wp-json\/wp\/v2\/posts"}],"about":[{"href":"https:\/\/www.yana.li\/de\/wp-json\/wp\/v2\/types\/post"}],"author":[{"embeddable":true,"href":"https:\/\/www.yana.li\/de\/wp-json\/wp\/v2\/users\/5"}],"replies":[{"embeddable":true,"href":"https:\/\/www.yana.li\/de\/wp-json\/wp\/v2\/comments?post=1782"}],"version-history":[{"count":17,"href":"https:\/\/www.yana.li\/de\/wp-json\/wp\/v2\/posts\/1782\/revisions"}],"predecessor-version":[{"id":1803,"href":"https:\/\/www.yana.li\/de\/wp-json\/wp\/v2\/posts\/1782\/revisions\/1803"}],"wp:featuredmedia":[{"embeddable":true,"href":"https:\/\/www.yana.li\/de\/wp-json\/wp\/v2\/media\/1783"}],"wp:attachment":[{"href":"https:\/\/www.yana.li\/de\/wp-json\/wp\/v2\/media?parent=1782"}],"wp:term":[{"taxonomy":"category","embeddable":true,"href":"https:\/\/www.yana.li\/de\/wp-json\/wp\/v2\/categories?post=1782"},{"taxonomy":"post_tag","embeddable":true,"href":"https:\/\/www.yana.li\/de\/wp-json\/wp\/v2\/tags?post=1782"}],"curies":[{"name":"wp","href":"https:\/\/api.w.org\/{rel}","templated":true}]}}