{"id":1838,"date":"2022-10-06T11:11:22","date_gmt":"2022-10-06T11:11:22","guid":{"rendered":"https:\/\/www.yana.ro\/?p=1838"},"modified":"2023-03-31T16:21:04","modified_gmt":"2023-03-31T16:21:04","slug":"casa-francesco-un-nou-proiect-al-fundatiei-yana","status":"publish","type":"post","link":"https:\/\/www.yana.li\/de\/casa-francesco-un-nou-proiect-al-fundatiei-yana\/","title":{"rendered":"&#8222;Casa Francesco&#8220;, un nou proiect al Funda\u021biei YANA"},"content":{"rendered":"<div class=\"fusion-fullwidth fullwidth-box fusion-builder-row-1 fusion-flex-container nonhundred-percent-fullwidth non-hundred-percent-height-scrolling\" style=\"background-color: rgba(255,255,255,0);background-position: center center;background-repeat: no-repeat;border-width: 0px 0px 0px 0px;border-color:#eae9e9;border-style:solid;\" ><div class=\"fusion-builder-row fusion-row fusion-flex-align-items-flex-start\" style=\"max-width:calc( 1170px + 0px );margin-left: calc(-0px \/ 2 );margin-right: calc(-0px \/ 2 );\"><div class=\"fusion-layout-column fusion_builder_column fusion-builder-column-0 fusion_builder_column_1_1 1_1 fusion-flex-column\"><div class=\"fusion-column-wrapper fusion-flex-justify-content-flex-start fusion-content-layout-column\" style=\"background-position:left top;background-repeat:no-repeat;-webkit-background-size:cover;-moz-background-size:cover;-o-background-size:cover;background-size:cover;padding: 0px 0px 0px 0px;\"><div class=\"fusion-text fusion-text-1\"><p><b>Inaugurarea oficial\u0103 a centrului social administrativ \u201eCasa Francesco\u201d<\/b><\/p>\n<p><span style=\"font-weight: 400;\">Pe 30 octombrie am inaugurat centrul social administrativ \u201cCasa Francesco\u201d, al\u0103turi de invita\u021bii no\u0219tri, sus\u021bin\u0103tori \u0219i parteneri ai acestui proiect:\u00a0<\/span><\/p>\n<p><span style=\"font-weight: 400;\">Prin\u021bul Eugen von Liechtenstein, pre\u0219edinte al Funda\u021biei Medicor, Doamna Antonia Frick, pre\u0219edint\u0103 a YANA Charitable Foundation Liechtenstein, Doamna Irina Avornici\u021bei, director al Direc\u021biei Generale de Asisten\u021b\u0103 Social\u0103 \u0219i Protectia Copilului Bac\u0103u, Domnul Primar, Anton Siler, Doamna Maria Esanu, manager al Grupului de Ac\u021biune Local\u0103 Confluen\u021be Moldave, membri ai organiza\u021biei \u201eFriends of Larguta\u201d, Parintele Paroh, Marius Adam, reprezentan\u021bi ai consiliului local, membri, voluntari, parteneri \u0219i colaboratori ai Funda\u021biei YANA, precum \u0219i membri ai comunit\u0103\u021bii \u00een care ne desf\u0103\u0219ur\u0103m activitatea \u0219i beneficiari ai proiectelor noastre.<\/span><\/p>\n<p><img decoding=\"async\" class=\"alignnone wp-image-1841 size-large\" src=\"https:\/\/www.yaha.li\/wp-content\/uploads\/2022\/10\/IMG_0029-Large-1024x683.jpg\" alt=\"\" width=\"1024\" height=\"683\" srcset=\"https:\/\/www.yana.li\/wp-content\/uploads\/2022\/10\/IMG_0029-Large-18x12.jpg 18w, https:\/\/www.yana.li\/wp-content\/uploads\/2022\/10\/IMG_0029-Large-200x133.jpg 200w, https:\/\/www.yana.li\/wp-content\/uploads\/2022\/10\/IMG_0029-Large-300x200.jpg 300w, https:\/\/www.yana.li\/wp-content\/uploads\/2022\/10\/IMG_0029-Large-400x267.jpg 400w, https:\/\/www.yana.li\/wp-content\/uploads\/2022\/10\/IMG_0029-Large-600x400.jpg 600w, https:\/\/www.yana.li\/wp-content\/uploads\/2022\/10\/IMG_0029-Large-768x512.jpg 768w, https:\/\/www.yana.li\/wp-content\/uploads\/2022\/10\/IMG_0029-Large-800x533.jpg 800w, https:\/\/www.yana.li\/wp-content\/uploads\/2022\/10\/IMG_0029-Large-1024x683.jpg 1024w, https:\/\/www.yana.li\/wp-content\/uploads\/2022\/10\/IMG_0029-Large-1200x800.jpg 1200w, https:\/\/www.yana.li\/wp-content\/uploads\/2022\/10\/IMG_0029-Large-1536x1024.jpg 1536w, https:\/\/www.yana.li\/wp-content\/uploads\/2022\/10\/IMG_0029-Large.jpg 1620w\" sizes=\"(max-width: 1024px) 100vw, 1024px\" \/><\/p>\n<p><img decoding=\"async\" class=\"alignnone wp-image-1839 size-large\" src=\"https:\/\/www.yaha.li\/wp-content\/uploads\/2022\/10\/DJI_0169-Large-1024x675.jpg\" alt=\"\" width=\"1024\" height=\"675\" srcset=\"https:\/\/www.yana.li\/wp-content\/uploads\/2022\/10\/DJI_0169-Large-18x12.jpg 18w, https:\/\/www.yana.li\/wp-content\/uploads\/2022\/10\/DJI_0169-Large-200x132.jpg 200w, https:\/\/www.yana.li\/wp-content\/uploads\/2022\/10\/DJI_0169-Large-300x198.jpg 300w, https:\/\/www.yana.li\/wp-content\/uploads\/2022\/10\/DJI_0169-Large-400x264.jpg 400w, https:\/\/www.yana.li\/wp-content\/uploads\/2022\/10\/DJI_0169-Large-600x396.jpg 600w, https:\/\/www.yana.li\/wp-content\/uploads\/2022\/10\/DJI_0169-Large-768x506.jpg 768w, https:\/\/www.yana.li\/wp-content\/uploads\/2022\/10\/DJI_0169-Large-800x527.jpg 800w, https:\/\/www.yana.li\/wp-content\/uploads\/2022\/10\/DJI_0169-Large-1024x675.jpg 1024w, https:\/\/www.yana.li\/wp-content\/uploads\/2022\/10\/DJI_0169-Large-1200x791.jpg 1200w, https:\/\/www.yana.li\/wp-content\/uploads\/2022\/10\/DJI_0169-Large-1536x1013.jpg 1536w, https:\/\/www.yana.li\/wp-content\/uploads\/2022\/10\/DJI_0169-Large.jpg 1638w\" sizes=\"(max-width: 1024px) 100vw, 1024px\" \/><\/p>\n<p><span style=\"font-weight: 400;\">\u00cempreun\u0103, am celebrat obiectivele care ne-au adus laolalt\u0103 \u0219i rezultatul eforturilor noastre colective, care ne-a ar\u0103tat din nou, cum prin compasiune \u0219i cooperare putem face o real\u0103 diferen\u021b\u0103 \u00een vie\u021bile oamenilor. \u00cemp\u0103rt\u0103\u0219ind emo\u021bia momentului artistic oferit de cei mici, unii dintre principalii beneficiari ai proiectelor noastre, am sim\u021bit pe deplin bucuria care ne alimenteaz\u0103 motiva\u021bia \u0219i am descoperit sentimentul unei autentice apartenen\u021be. \u00cen familia YANA, nimeni nu e singur.<\/span><\/p>\n<p><b>Funda\u021bia YANA<\/b><\/p>\n<p><span style=\"font-weight: 400;\">Funda\u021bia YANA \u00ee\u0219i desf\u0103\u0219oar\u0103 activitatea \u00een comunele Nicolae B\u0103lcescu \u0219i M\u0103rgineni, din jude\u021bul Bac\u0103u, de peste 15 ani. \u00cen tot acest timp, demersurile de a sus\u021bine comunitatea, de a-i ajuta pe cei mai vulnerabili dintre membri \u0219i de a cultiva spirit civic au \u00eenceput s\u0103 dea roade, permi\u021b\u00e2nd o dezvoltare organic\u0103 a activit\u0103\u021bilor \u0219i a ariilor noastre de lucru.<\/span><\/p>\n<p><img decoding=\"async\" class=\"alignnone wp-image-1843 size-large\" src=\"https:\/\/www.yaha.li\/wp-content\/uploads\/2022\/10\/IMG_9876-Large-1024x683.jpg\" alt=\"\" width=\"1024\" height=\"683\" srcset=\"https:\/\/www.yana.li\/wp-content\/uploads\/2022\/10\/IMG_9876-Large-18x12.jpg 18w, https:\/\/www.yana.li\/wp-content\/uploads\/2022\/10\/IMG_9876-Large-200x133.jpg 200w, https:\/\/www.yana.li\/wp-content\/uploads\/2022\/10\/IMG_9876-Large-300x200.jpg 300w, https:\/\/www.yana.li\/wp-content\/uploads\/2022\/10\/IMG_9876-Large-400x267.jpg 400w, https:\/\/www.yana.li\/wp-content\/uploads\/2022\/10\/IMG_9876-Large-600x400.jpg 600w, https:\/\/www.yana.li\/wp-content\/uploads\/2022\/10\/IMG_9876-Large-768x512.jpg 768w, https:\/\/www.yana.li\/wp-content\/uploads\/2022\/10\/IMG_9876-Large-800x533.jpg 800w, https:\/\/www.yana.li\/wp-content\/uploads\/2022\/10\/IMG_9876-Large-1024x683.jpg 1024w, https:\/\/www.yana.li\/wp-content\/uploads\/2022\/10\/IMG_9876-Large-1200x800.jpg 1200w, https:\/\/www.yana.li\/wp-content\/uploads\/2022\/10\/IMG_9876-Large-1536x1024.jpg 1536w, https:\/\/www.yana.li\/wp-content\/uploads\/2022\/10\/IMG_9876-Large.jpg 1620w\" sizes=\"(max-width: 1024px) 100vw, 1024px\" \/><\/p>\n<p><span style=\"font-weight: 400;\">Cu ajutorul centrelor din comunele Nicolae B\u0103lcescu \u0219i M\u0103rgineni:<\/span><\/p>\n<ul>\n<li style=\"font-weight: 400;\" aria-level=\"1\"><span style=\"font-weight: 400;\">\u00censo\u021bim 150 de copii \u00een formarea \u015fi dezvoltarea lor, prin servicii menite s\u0103 le \u00eembun\u0103t\u0103\u0163easc\u0103 calitatea vie\u0163ii \u00een prezent \u015fi s\u0103 le ofere \u015fansa la un viitor mai bun prin educa\u0163ie.\u00a0<\/span><\/li>\n<li style=\"font-weight: 400;\" aria-level=\"1\"><span style=\"font-weight: 400;\">Desf\u0103\u0219ur\u0103m activit\u0103\u021bi educative interdisciplinare, aliniate celor mai \u00eenalte standarde din domeniu \u0219i bazate pe cele mai noi viziuni \u0219i practici adoptate la nivel interna\u021bional.\u00a0<\/span><\/li>\n<li style=\"font-weight: 400;\" aria-level=\"1\"><span style=\"font-weight: 400;\">Oferim comunit\u0103\u021bii accesul la o echip\u0103 de 27 de profesioni\u0219ti din domenii esen\u021biale dezvolt\u0103rii personale, facilit\u00e2nd astfel valorizarea resurselor profesionale existente \u00een societate.\u00a0<\/span><\/li>\n<li style=\"font-weight: 400;\" aria-level=\"1\"><span style=\"font-weight: 400;\">\u00cencuraj\u0103m voluntariatul \u00een r\u00e2ndul tinerilor, dar \u0219i implicarea seniorilor din comunitate, ajut\u00e2nd astfel la crearea unui dialog \u00eentre genera\u021bii \u0219i facilit\u00e2nd acestora prilejul implic\u0103rii sociale generatoare de compasiune, apartenen\u021b\u0103 \u0219i sens.<\/span><\/li>\n<li style=\"font-weight: 400;\" aria-level=\"1\"><span style=\"font-weight: 400;\">Promov\u0103m, sus\u021binem \u0219i protej\u0103m drepturile persoanelor cu dizabilit\u0103\u021bi \u0219i desf\u0103\u0219ur\u0103m ini\u021biative prin care facilit\u0103m o mai bun\u0103 integrare a acestora \u00een societate.<\/span><\/li>\n<li style=\"font-weight: 400;\" aria-level=\"1\"><span style=\"font-weight: 400;\">Urm\u0103rim cu aten\u021bie nevoile comunit\u0103\u021bii noastre, identific\u00e2nd cele mai importante probleme \u0219i dezvolt\u00e2nd solu\u021bii pentru ameliorarea lor.\u00a0<\/span><\/li>\n<\/ul>\n<p><span style=\"font-weight: 400;\">De-a lungul anilor, printr-o prezen\u021b\u0103 \u00eendelungat\u0103 \u0219i consecvent\u0103 am reu\u0219it s\u0103 cultiv\u0103m \u00eencredere din partea comunit\u0103\u021bii \u0219i s\u0103 construim o rela\u021bie armonioas\u0103 care ajut\u0103 la eficientizarea interven\u021biilor noastre \u0219i la dezvoltarea unui spirit de apartenen\u021b\u0103 \u0219i de implicare social\u0103.\u00a0<\/span><\/p>\n<p><b>Casa Francesco<\/b><\/p>\n<p><span style=\"font-weight: 400;\">Inaugurarea centrului social administrativ \u201cCasa Francesco\u201d este cel mai recent obiectiv de dezvoltare al Funda\u021biei YANA \u00eendeplinit. Finalizarea etapei de construc\u021bie a acestuia reprezint\u0103 \u00eenceputul unui nou capitol, continuarea fireasc\u0103 a demersurilor noastre de a identifica problemele sociale ale comunit\u0103\u021bii \u0219i de a contribui cu solu\u021bii practice \u0219i suport real pentru oamenii afecta\u021bi de ele.\u00a0<\/span><\/p>\n<p><span style=\"font-weight: 400;\">Acesta este locul \u00een care desf\u0103\u0219ur\u0103m o viziune ambi\u021bioas\u0103, de durat\u0103, prin care ne extindem activitatea, dispun\u00e2nd de noi facilit\u0103\u021bi dedicate mai multor arii de lucru precum: buc\u0103t\u0103ria \u00een care hr\u0103nim zilnic cei 100 de copii din centrele de zi ale Funda\u021biei YANA, un spa\u021biu dedicat terapiilor pentru copii, o sal\u0103 multifunc\u021bional\u0103 \u00eenc\u0103p\u0103toare \u0219i luminoas\u0103 \u00een care copiii de la Casa Yana au destul spa\u021biu pentru a face teme \u0219i alte activit\u0103\u021bi zilnice \u0219i nu \u00een ultimul r\u00e2nd, un spa\u021biu locativ primitor care va func\u021biona ca ad\u0103post pentru recuperarea victimelor violen\u021bei domestice.<\/span><\/p>\n<p><span style=\"font-weight: 400;\">Ne dorim ca acesta s\u0103 fie locul \u00een care c\u00e2t mai mul\u021bi oameni s\u0103 g\u0103seasc\u0103 hran\u0103, odihn\u0103, vindecare, \u00eencurajare \u0219i putere. O comunitate, o \u021bar\u0103, \u0219i chiar o lume \u00eentreag\u0103, sunt prospere, protejate, s\u0103n\u0103toase \u0219i puternice, numai \u00een m\u0103sura \u00een care cei mai vulnerabili membri ai lor sunt bine integra\u021bi, proteja\u021bi \u0219i sus\u021binu\u021bi \u00een momentele dificile. Misiunea noastra, la Casa Francesco, este s\u0103 oferim solu\u021bii func\u021bionale, adaptate nevoilor specifice ale comunit\u0103\u021bii noastre, precum \u0219i sprijin \u0219i sus\u021binere c\u00e2t mai mai multor oameni afla\u021bi \u00een situa\u021bii de vulnerabilitate.<\/span><\/p>\n<p><b>Ad\u0103postul pentru victime ale violen\u021bei domestice<\/b><\/p>\n<p><b><img decoding=\"async\" class=\"alignnone wp-image-1850 size-large\" src=\"https:\/\/www.yaha.li\/wp-content\/uploads\/2022\/10\/IMG_9461-Large-1024x683.jpg\" alt=\"\" width=\"1024\" height=\"683\" srcset=\"https:\/\/www.yana.li\/wp-content\/uploads\/2022\/10\/IMG_9461-Large-18x12.jpg 18w, https:\/\/www.yana.li\/wp-content\/uploads\/2022\/10\/IMG_9461-Large-200x133.jpg 200w, https:\/\/www.yana.li\/wp-content\/uploads\/2022\/10\/IMG_9461-Large-300x200.jpg 300w, https:\/\/www.yana.li\/wp-content\/uploads\/2022\/10\/IMG_9461-Large-400x267.jpg 400w, https:\/\/www.yana.li\/wp-content\/uploads\/2022\/10\/IMG_9461-Large-600x400.jpg 600w, https:\/\/www.yana.li\/wp-content\/uploads\/2022\/10\/IMG_9461-Large-768x512.jpg 768w, https:\/\/www.yana.li\/wp-content\/uploads\/2022\/10\/IMG_9461-Large-800x533.jpg 800w, https:\/\/www.yana.li\/wp-content\/uploads\/2022\/10\/IMG_9461-Large-1024x683.jpg 1024w, https:\/\/www.yana.li\/wp-content\/uploads\/2022\/10\/IMG_9461-Large-1200x800.jpg 1200w, https:\/\/www.yana.li\/wp-content\/uploads\/2022\/10\/IMG_9461-Large-1536x1024.jpg 1536w, https:\/\/www.yana.li\/wp-content\/uploads\/2022\/10\/IMG_9461-Large.jpg 1620w\" sizes=\"(max-width: 1024px) 100vw, 1024px\" \/><\/b><\/p>\n<p><span style=\"font-weight: 400;\">Violen\u021ba domestic\u0103 este \u00een continuare o realitate dureroas\u0103, prezent\u0103 \u00een comunit\u0103\u021bile noastre. \u00cen 2020, \u00een Rom\u00e2nia, au fost raportate 26809 de cazuri de violen\u021b\u0103 domestic\u0103, 80% dintre victime fiind femei \u0219i fete. Statisticile indic\u0103 o corelare \u00eentre actele de violen\u021b\u0103 \u00een familie \u0219i al\u021bi factori de risc pentru excluziunea social\u0103, precum s\u0103r\u0103cia, alcoolismul \u0219i accesul restr\u00e2ns la educa\u021bie, factori care complic\u0103 situa\u021bia victimelor, limit\u00e2ndu-le accesul la resurse care ar putea s\u0103 le faciliteze ie\u0219irea dintr-un astfel de context.<\/span><\/p>\n<p><span style=\"font-weight: 400;\">Ad\u0103postul pentru victime ale violen\u021bei domestice, din cadrul Casei Francesco, este locul \u00een care dezvolt\u0103m una dintre cele mai noi arii de lucru ale Funda\u021biei YANA, sus\u021binerea victimelor violen\u021bei domestice \u00een tranzi\u021bia c\u0103tre o via\u021b\u0103 \u00een integritate \u0219i siguran\u021b\u0103. Aici, persoanele care au nevoie de un loc \u00een care s\u0103 fie protejate de violen\u021ba partenerului de via\u021b\u0103 sau a p\u0103rintelui, \u00ee\u0219i vor putea g\u0103si pentru o vreme refugiul, precum \u0219i resurse care s\u0103 le ajute s\u0103 ias\u0103 din situa\u021biile de abuz, s\u0103 le lase \u00een urm\u0103 \u0219i s\u0103 mearg\u0103 mai departe.<\/span><\/p>\n<p><span style=\"font-weight: 400;\">Suntem recunosc\u0103tori s\u0103 dispunem, odat\u0103 cu inaugurarea Casei Francesco, de facilit\u0103\u021bile necesare pentru a ne asuma aceast\u0103 misiune important\u0103, care r\u0103spunde uneia dintre cele mai dificile provoc\u0103ri cu care se confrunt\u0103 societatea noastr\u0103.\u00a0<\/span><\/p>\n<p><b>We are not alone<\/b><\/p>\n<p><span style=\"font-weight: 400;\">Implementarea viziunii noastre pentru Casa Francesco nu ar fi fost posibil\u0103 f\u0103r\u0103 sprijinul financiar al sponsorilor \u0219i al finan\u021batorilor no\u0219tri: Organizatia Medicor Liechtenstein, care a finan\u021bat \u00een cea mai mare parte construc\u021bia cl\u0103dirii, YANA Charitable Liechtenstein, care finan\u021beaz\u0103 activitatea Funda\u021biei YANA \u00een Rom\u00e2nia \u0219i ne asigur\u0103 resursele de care avem nevoie, Grupul de Ac\u021biune \u201eConfluen\u021be Moldave\u201d \u2013 GAL, care a finan\u021bat \u00een mare parte echipamentul de bucatarie, organizatia \u201eFriends of L\u0103rgu\u021ba\u201d din Liechtenstein, care a finan\u021bat o alta parte din echipamentul de bucatarie, dotarea centrului de recuperare pentru victimele violen\u021bei, precum \u0219i solariile construite \u00een cadrul proiectului gr\u0103dinii Yana, firmei Hoval care a oferit sprijin financiar la achizi\u021bionarea centralei termice, precum \u0219i firmei Sika cu sprijinul c\u0103reia am beneficiat de finisaje de cea mai bun\u0103 calitate.\u00a0<\/span><\/p>\n<p><img decoding=\"async\" class=\"alignnone wp-image-1845 size-large\" src=\"https:\/\/www.yaha.li\/wp-content\/uploads\/2022\/10\/IMG_9914-Large-1024x646.jpg\" alt=\"\" width=\"1024\" height=\"646\" srcset=\"https:\/\/www.yana.li\/wp-content\/uploads\/2022\/10\/IMG_9914-Large-18x12.jpg 18w, https:\/\/www.yana.li\/wp-content\/uploads\/2022\/10\/IMG_9914-Large-200x126.jpg 200w, https:\/\/www.yana.li\/wp-content\/uploads\/2022\/10\/IMG_9914-Large-300x189.jpg 300w, https:\/\/www.yana.li\/wp-content\/uploads\/2022\/10\/IMG_9914-Large-320x202.jpg 320w, https:\/\/www.yana.li\/wp-content\/uploads\/2022\/10\/IMG_9914-Large-400x252.jpg 400w, https:\/\/www.yana.li\/wp-content\/uploads\/2022\/10\/IMG_9914-Large-600x378.jpg 600w, https:\/\/www.yana.li\/wp-content\/uploads\/2022\/10\/IMG_9914-Large-700x441.jpg 700w, https:\/\/www.yana.li\/wp-content\/uploads\/2022\/10\/IMG_9914-Large-768x484.jpg 768w, https:\/\/www.yana.li\/wp-content\/uploads\/2022\/10\/IMG_9914-Large-800x504.jpg 800w, https:\/\/www.yana.li\/wp-content\/uploads\/2022\/10\/IMG_9914-Large-1024x646.jpg 1024w, https:\/\/www.yana.li\/wp-content\/uploads\/2022\/10\/IMG_9914-Large-1200x757.jpg 1200w, https:\/\/www.yana.li\/wp-content\/uploads\/2022\/10\/IMG_9914-Large-1536x968.jpg 1536w, https:\/\/www.yana.li\/wp-content\/uploads\/2022\/10\/IMG_9914-Large.jpg 1713w\" sizes=\"(max-width: 1024px) 100vw, 1024px\" \/><\/p>\n<p><span style=\"font-weight: 400;\">V\u0103 mul\u021bumim pentru toat\u0103 implicarea \u0219i sus\u021binerea de care am avut parte pentru a putea finaliza etapa de construc\u021bie a Casei Francesco \u0219i privim cu optimism \u0219i determinare c\u0103tre activit\u0103\u021bile de binefacere pe care le vom desf\u0103\u0219ura de acum \u00eencolo \u00een acest sediu!<\/span><\/p>\n<\/div><\/div><style type=\"text\/css\">.fusion-body .fusion-builder-column-0{width:100% !important;margin-top : 0px;margin-bottom : 0px;}.fusion-builder-column-0 > .fusion-column-wrapper {padding-top : 0px !important;padding-right : 0px !important;margin-right : 0px;padding-bottom : 0px !important;padding-left : 0px !important;margin-left : 0px;}@media only screen and (max-width:1024px) {.fusion-body .fusion-builder-column-0{width:100% !important;}.fusion-builder-column-0 > .fusion-column-wrapper {margin-right : 0px;margin-left : 0px;}}@media only screen and (max-width:640px) {.fusion-body .fusion-builder-column-0{width:100% !important;}.fusion-builder-column-0 > .fusion-column-wrapper {margin-right : 0px;margin-left : 0px;}}<\/style><\/div><\/div><style type=\"text\/css\">.fusion-body .fusion-flex-container.fusion-builder-row-1{ padding-top : 0px;margin-top : 40px;padding-right : 0px;padding-bottom : 0px;margin-bottom : 0px;padding-left : 0px;}<\/style><\/div>","protected":false},"excerpt":{"rendered":"","protected":false},"author":5,"featured_media":1839,"comment_status":"open","ping_status":"open","sticky":false,"template":"","format":"standard","meta":{"_monsterinsights_skip_tracking":false,"_monsterinsights_sitenote_active":false,"_monsterinsights_sitenote_note":"","_monsterinsights_sitenote_category":0,"footnotes":""},"categories":[47],"tags":[],"class_list":["post-1838","post","type-post","status-publish","format-standard","has-post-thumbnail","hentry","category-noutati"],"aioseo_notices":[],"_links":{"self":[{"href":"https:\/\/www.yana.li\/de\/wp-json\/wp\/v2\/posts\/1838","targetHints":{"allow":["GET"]}}],"collection":[{"href":"https:\/\/www.yana.li\/de\/wp-json\/wp\/v2\/posts"}],"about":[{"href":"https:\/\/www.yana.li\/de\/wp-json\/wp\/v2\/types\/post"}],"author":[{"embeddable":true,"href":"https:\/\/www.yana.li\/de\/wp-json\/wp\/v2\/users\/5"}],"replies":[{"embeddable":true,"href":"https:\/\/www.yana.li\/de\/wp-json\/wp\/v2\/comments?post=1838"}],"version-history":[{"count":7,"href":"https:\/\/www.yana.li\/de\/wp-json\/wp\/v2\/posts\/1838\/revisions"}],"predecessor-version":[{"id":2062,"href":"https:\/\/www.yana.li\/de\/wp-json\/wp\/v2\/posts\/1838\/revisions\/2062"}],"wp:featuredmedia":[{"embeddable":true,"href":"https:\/\/www.yana.li\/de\/wp-json\/wp\/v2\/media\/1839"}],"wp:attachment":[{"href":"https:\/\/www.yana.li\/de\/wp-json\/wp\/v2\/media?parent=1838"}],"wp:term":[{"taxonomy":"category","embeddable":true,"href":"https:\/\/www.yana.li\/de\/wp-json\/wp\/v2\/categories?post=1838"},{"taxonomy":"post_tag","embeddable":true,"href":"https:\/\/www.yana.li\/de\/wp-json\/wp\/v2\/tags?post=1838"}],"curies":[{"name":"wp","href":"https:\/\/api.w.org\/{rel}","templated":true}]}}